{"id":209815,"date":"2020-08-16T22:12:42","date_gmt":"2020-08-16T22:12:42","guid":{"rendered":"http:\/\/miasteniagravis.org\/?p=209815"},"modified":"2020-08-16T23:44:27","modified_gmt":"2020-08-16T23:44:27","slug":"ahora-puedo-vivir-feliz","status":"publish","type":"post","link":"https:\/\/miasteniagravis.org\/index.php\/2020\/08\/16\/ahora-puedo-vivir-feliz\/","title":{"rendered":"Ahora Puedo Vivir Feliz"},"content":{"rendered":"<p>[et_pb_section fb_built=&#8221;1&#8243; _builder_version=&#8221;3.25.3&#8243;][et_pb_row _builder_version=&#8221;3.25.3&#8243;][et_pb_column type=&#8221;4_4&#8243; _builder_version=&#8221;3.25.3&#8243;][et_pb_video_slider _builder_version=&#8221;3.25.3&#8243;][et_pb_video_slider_item src=&#8221;https:\/\/www.youtube.com\/watch?v=zNFQ8xDTGF8&#8243; _builder_version=&#8221;3.25.3&#8243; show_image_overlay=&#8221;off&#8221;][\/et_pb_video_slider_item][\/et_pb_video_slider][et_pb_text _builder_version=&#8221;3.25.3&#8243;]<\/p>\n<p>Me llamo monse y en junio del 2012 empece con s\u00edntomas con voz nasal no pod\u00eda tragar fuimos con un pediatra luego un internologo<br \/>luego tres otorrinomarigolos diferentes luego un alergologo y el dijo es Miastemia ve con un neurologo para que confirme<\/p>\n<p>El 19 de diciembre fui me hicieron las pruebas y el 20 de diciembre me diacnosticaron Miastenia gravis el 23 de diciembre decid\u00ed ir a una<br \/>plaza aun no ten\u00eda medido cuanto me cansaba ese mismo d\u00eda me dio una crisis y tuve que ir al hospital me dejaron internada y la<br \/>ma\u00f1ana del 24 de diciembre deje de respirar me tuvieron que intubar 2 semanas despu\u00e9s como no mejoraba me pusieron una<br \/>traqueostomia, actualmente sigo con ella.<\/p>\n<p>Un mes despu\u00e9s sal\u00ed del hospital y en marzo del 2013 me hicieron la timectomia despu\u00e9s de eso tuve unas peque\u00f1as crisis por infecci\u00f3n<br \/>y el 5 de enero del 2014 intentaron quitarme la traqueostomia debido a una infecci\u00f3n no pudieron me pusieron inmunogamaglobulina y<br \/>me ayud\u00f3 much\u00edsimo.<\/p>\n<p>Ahora estoy feliz aprendiendo a vivir con la miastenia.<\/p>\n<p>[\/et_pb_text][\/et_pb_column][\/et_pb_row][\/et_pb_section]<\/p>\n","protected":false},"excerpt":{"rendered":"<p>[et_pb_section fb_built=&#8221;1&#8243; _builder_version=&#8221;3.25.3&#8243;][et_pb_row _builder_version=&#8221;3.25.3&#8243;][et_pb_column type=&#8221;4_4&#8243; _builder_version=&#8221;3.25.3&#8243;][et_pb_video_slider _builder_version=&#8221;3.25.3&#8243;][et_pb_video_slider_item src=&#8221;https:\/\/www.youtube.com\/watch?v=zNFQ8xDTGF8&#8243; _builder_version=&#8221;3.25.3&#8243; show_image_overlay=&#8221;off&#8221;][\/et_pb_video_slider_item][\/et_pb_video_slider][et_pb_text _builder_version=&#8221;3.25.3&#8243;] Me llamo monse y en junio del 2012 empece con s\u00edntomas con voz nasal no pod\u00eda tragar fuimos con un pediatra luego un internologoluego tres otorrinomarigolos diferentes luego un alergologo y el dijo es Miastemia ve con un neurologo para que confirme El 19 [&hellip;]<\/p>\n","protected":false},"author":1,"featured_media":209816,"comment_status":"open","ping_status":"open","sticky":false,"template":"","format":"standard","meta":{"_et_pb_use_builder":"on","_et_pb_old_content":"<!-- wp:divi\/placeholder \/-->"},"categories":[1],"tags":[],"_links":{"self":[{"href":"https:\/\/miasteniagravis.org\/index.php\/wp-json\/wp\/v2\/posts\/209815"}],"collection":[{"href":"https:\/\/miasteniagravis.org\/index.php\/wp-json\/wp\/v2\/posts"}],"about":[{"href":"https:\/\/miasteniagravis.org\/index.php\/wp-json\/wp\/v2\/types\/post"}],"author":[{"embeddable":true,"href":"https:\/\/miasteniagravis.org\/index.php\/wp-json\/wp\/v2\/users\/1"}],"replies":[{"embeddable":true,"href":"https:\/\/miasteniagravis.org\/index.php\/wp-json\/wp\/v2\/comments?post=209815"}],"version-history":[{"count":5,"href":"https:\/\/miasteniagravis.org\/index.php\/wp-json\/wp\/v2\/posts\/209815\/revisions"}],"predecessor-version":[{"id":209821,"href":"https:\/\/miasteniagravis.org\/index.php\/wp-json\/wp\/v2\/posts\/209815\/revisions\/209821"}],"wp:featuredmedia":[{"embeddable":true,"href":"https:\/\/miasteniagravis.org\/index.php\/wp-json\/wp\/v2\/media\/209816"}],"wp:attachment":[{"href":"https:\/\/miasteniagravis.org\/index.php\/wp-json\/wp\/v2\/media?parent=209815"}],"wp:term":[{"taxonomy":"category","embeddable":true,"href":"https:\/\/miasteniagravis.org\/index.php\/wp-json\/wp\/v2\/categories?post=209815"},{"taxonomy":"post_tag","embeddable":true,"href":"https:\/\/miasteniagravis.org\/index.php\/wp-json\/wp\/v2\/tags?post=209815"}],"curies":[{"name":"wp","href":"https:\/\/api.w.org\/{rel}","templated":true}]}}