{"id":209964,"date":"2021-09-20T17:18:31","date_gmt":"2021-09-20T17:18:31","guid":{"rendered":"https:\/\/miasteniagravis.org\/?p=209964"},"modified":"2021-09-20T17:20:08","modified_gmt":"2021-09-20T17:20:08","slug":"miastenia-embarazo-y-puerperio","status":"publish","type":"post","link":"https:\/\/miasteniagravis.org\/index.php\/2021\/09\/20\/miastenia-embarazo-y-puerperio\/","title":{"rendered":"Miastenia, Embarazo y Puerperio"},"content":{"rendered":"[et_pb_section fb_built=&#8221;1&#8243; admin_label=&#8221;section&#8221; _builder_version=&#8221;3.22.3&#8243;][et_pb_row admin_label=&#8221;row&#8221; _builder_version=&#8221;3.25&#8243; background_size=&#8221;initial&#8221; background_position=&#8221;top_left&#8221; background_repeat=&#8221;repeat&#8221;][et_pb_column type=&#8221;4_4&#8243; _builder_version=&#8221;3.25&#8243; custom_padding=&#8221;|||&#8221; custom_padding__hover=&#8221;|||&#8221;][et_pb_video src=&#8221;https:\/\/www.youtube.com\/watch?v=8gE6iRvxPmc&#8221; _builder_version=&#8221;3.25.3&#8243;][\/et_pb_video][et_pb_text admin_label=&#8221;Text&#8221; _builder_version=&#8221;3.0.74&#8243; background_size=&#8221;initial&#8221; background_position=&#8221;top_left&#8221; background_repeat=&#8221;repeat&#8221;]\n<p>Miastenia Gravis durante el Embarazo y el puerperio<br>Uno de los temas con mas questionamientos hemos tenido es el &#8220;Embarazo&#8221; en mujeres con Miastenia gravis y en esta ocasi\u00f3n el Dr. Erwin Chiquete nos clarifico todas las dudas desde la preparaci\u00f3n para el embarazo hasta el nacimiento y la lactancia del beb\u00e9, espero difruten mucho de esta charla tanto como lo fue en vivo.<br>Las Grabaciones de los programas anteriores las pueden seguir en Platiquemos de Miastenia Gravis<br><\/p>\n\n\n\n<p>https:\/\/www.facebook.com\/groups\/1011228532628448<br><\/p>\n\n\n\n<p>Youtube! https:\/\/www.youtube.com\/channel\/UCrWnHL2ifDVNaI7-5hH0LOg<\/p>\n[\/et_pb_text][\/et_pb_column][\/et_pb_row][\/et_pb_section]","protected":false},"excerpt":{"rendered":"<p>Uno de los temas con mas questionamientos hemos tenido es el &#8220;Embarazo&#8221; en mujeres con Miastenia<\/p>\n","protected":false},"author":1,"featured_media":209965,"comment_status":"open","ping_status":"open","sticky":false,"template":"","format":"standard","meta":{"_et_pb_use_builder":"on","_et_pb_old_content":"<!-- wp:paragraph -->\n<p>Miastenia Gravis durante el Embarazo y el puerperio<br>Uno de los temas con mas questionamientos hemos tenido es el \"Embarazo\" en mujeres con Miastenia gravis y en esta ocasi\u00f3n el Dr. Erwin Chiquete nos clarifico todas las dudas desde la preparaci\u00f3n para el embarazo hasta el nacimiento y la lactancia del beb\u00e9, espero difruten mucho de esta charla tanto como lo fue en vivo.<br>Las Grabaciones de los programas anteriores las pueden seguir en Platiquemos de Miastenia Gravis<br><\/p>\n<!-- \/wp:paragraph -->\n\n<!-- wp:paragraph -->\n<p>https:\/\/www.facebook.com\/groups\/1011228532628448<br><\/p>\n<!-- \/wp:paragraph -->\n\n<!-- wp:paragraph -->\n<p>Youtube! https:\/\/www.youtube.com\/channel\/UCrWnHL2ifDVNaI7-5hH0LOg<\/p>\n<!-- \/wp:paragraph -->"},"categories":[1],"tags":[],"_links":{"self":[{"href":"https:\/\/miasteniagravis.org\/index.php\/wp-json\/wp\/v2\/posts\/209964"}],"collection":[{"href":"https:\/\/miasteniagravis.org\/index.php\/wp-json\/wp\/v2\/posts"}],"about":[{"href":"https:\/\/miasteniagravis.org\/index.php\/wp-json\/wp\/v2\/types\/post"}],"author":[{"embeddable":true,"href":"https:\/\/miasteniagravis.org\/index.php\/wp-json\/wp\/v2\/users\/1"}],"replies":[{"embeddable":true,"href":"https:\/\/miasteniagravis.org\/index.php\/wp-json\/wp\/v2\/comments?post=209964"}],"version-history":[{"count":3,"href":"https:\/\/miasteniagravis.org\/index.php\/wp-json\/wp\/v2\/posts\/209964\/revisions"}],"predecessor-version":[{"id":209968,"href":"https:\/\/miasteniagravis.org\/index.php\/wp-json\/wp\/v2\/posts\/209964\/revisions\/209968"}],"wp:featuredmedia":[{"embeddable":true,"href":"https:\/\/miasteniagravis.org\/index.php\/wp-json\/wp\/v2\/media\/209965"}],"wp:attachment":[{"href":"https:\/\/miasteniagravis.org\/index.php\/wp-json\/wp\/v2\/media?parent=209964"}],"wp:term":[{"taxonomy":"category","embeddable":true,"href":"https:\/\/miasteniagravis.org\/index.php\/wp-json\/wp\/v2\/categories?post=209964"},{"taxonomy":"post_tag","embeddable":true,"href":"https:\/\/miasteniagravis.org\/index.php\/wp-json\/wp\/v2\/tags?post=209964"}],"curies":[{"name":"wp","href":"https:\/\/api.w.org\/{rel}","templated":true}]}}